{"provider_url": "https://www.acegua.rs.leg.br", "title": "Audi\u00eancia P\u00fablica - Sa\u00fade", "html": "<div class=\"markdown markdown-main-panel enable-updated-hr-color\" dir=\"ltr\" id=\"model-response-message-contentr_b69abdf1043a874a\">\r\n<p data-path-to-node=\"0\">\u00a0</p>\r\n<h2 data-path-to-node=\"2\">Sa\u00fade e Assist\u00eancia Social: Acegu\u00e1 convoca comunidade para Audi\u00eancia P\u00fablica de Gest\u00e3o</h2>\r\n<p>\u00a0</p>\r\n<p style=\"text-align: justify; \" data-path-to-node=\"3\">A C\u00e2mara Municipal de Vereadores de Acegu\u00e1 realiza, na pr\u00f3xima semana, uma audi\u00eancia p\u00fablica fundamental para a transpar\u00eancia das contas p\u00fablicas e dos servi\u00e7os oferecidos \u00e0 popula\u00e7\u00e3o. O encontro tem como objetivo a apresenta\u00e7\u00e3o e o debate do <b data-path-to-node=\"3\" data-index-in-node=\"243\">Relat\u00f3rio de Gest\u00e3o da Secretaria Municipal de Sa\u00fade e Assist\u00eancia Social</b>, referente ao <b data-path-to-node=\"3\" data-index-in-node=\"331\">3\u00ba quadrimestre de 2025</b>.</p>\r\n<p data-path-to-node=\"4\">A iniciativa atende \u00e0s exig\u00eancias da Lei Complementar n\u00ba 141/2012 e foi solicitada pela Comiss\u00e3o de Infraestrutura, Desenvolvimento e Bem-Estar Social da Casa.</p>\r\n<h3 data-path-to-node=\"5\">Detalhes do Evento:</h3>\r\n<p>\u00a0</p>\r\n<ul data-path-to-node=\"6\">\r\n<li>\r\n<p data-path-to-node=\"6,0,0\"><b data-path-to-node=\"6,0,0\" data-index-in-node=\"0\">Data:</b> 18 de mar\u00e7o de 2026 (quarta-feira)</p>\r\n</li>\r\n<li>\r\n<p data-path-to-node=\"6,1,0\"><b data-path-to-node=\"6,1,0\" data-index-in-node=\"0\">Hor\u00e1rio:</b> 10h</p>\r\n</li>\r\n<li>\r\n<p data-path-to-node=\"6,2,0\"><b data-path-to-node=\"6,2,0\" data-index-in-node=\"0\">Local:</b> Plen\u00e1rio Ecesar Pintos (Sede da C\u00e2mara Municipal)</p>\r\n</li>\r\n</ul>\r\n<h3 data-path-to-node=\"7\">Por que participar?</h3>\r\n<p>\u00a0</p>\r\n<p data-path-to-node=\"8\">A audi\u00eancia \u00e9 o momento em que a gest\u00e3o municipal presta contas sobre como os recursos foram aplicados e quais metas foram atingidas no final do ano passado. \u00c9 a oportunidade direta para que os cidad\u00e3os de Acegu\u00e1 tirem d\u00favidas, acompanhem os investimentos na sa\u00fade e entendam o progresso das pol\u00edticas de assist\u00eancia social na regi\u00e3o.</p>\r\n<blockquote data-path-to-node=\"9\">\r\n<p data-path-to-node=\"9,0\"><b data-path-to-node=\"9,0\" data-index-in-node=\"0\">Servi\u00e7o:</b> A participa\u00e7\u00e3o \u00e9 aberta a toda a comunidade. Sua presen\u00e7a \u00e9 essencial para o exerc\u00edcio da cidadania e fiscaliza\u00e7\u00e3o do bem p\u00fablico.</p>\r\n</blockquote>\r\n<p data-path-to-node=\"11\">\u00a0</p>\r\n</div>", "author_name": "adm", "version": "1.0", "author_url": "https://www.acegua.rs.leg.br/author/adm", "provider_name": "C\u00e2mara de Vereadores de Acegu\u00e1", "type": "rich"}